{"id":1105,"date":"2016-09-16T19:56:20","date_gmt":"2016-09-16T17:56:20","guid":{"rendered":"http:\/\/www.nulk.cz\/tadyjsmedoma\/?p=1105"},"modified":"2020-11-02T12:43:09","modified_gmt":"2020-11-02T11:43:09","slug":"2016","status":"publish","type":"post","link":"https:\/\/www.nulk.cz\/tadyjsmedoma\/2016\/09\/2016\/","title":{"rendered":"2016"},"content":{"rendered":"<div id='av_section_1'  class='avia-section av-sbm3l-e30e7bdc33204e0a5bf98ffe4c8e2d99 main_color avia-section-default avia-no-border-styling  avia-builder-el-0  avia-builder-el-no-sibling  avia-bg-style-scroll container_wrap fullsize'  ><div class='container av-section-cont-open' ><main  role=\"main\" itemprop=\"mainContentOfPage\"  class='template-page content  av-content-full alpha units'><div class='post-entry post-entry-type-page post-entry-1105'><div class='entry-content-wrapper clearfix'>\n\n<style type=\"text\/css\" data-created_by=\"avia_inline_auto\" id=\"style-css-av-k36sx-789393586c2ab92cb6876a659780f633\">\n.flex_column.av-k36sx-789393586c2ab92cb6876a659780f633{\nborder-radius:0px 0px 0px 0px;\npadding:0px 0px 0px 0px;\n}\n<\/style>\n<div  class='flex_column av-k36sx-789393586c2ab92cb6876a659780f633 av_one_fifth  avia-builder-el-1  el_before_av_three_fifth  avia-builder-el-first  first flex_column_div av-zero-column-padding  '     ><\/div>\n<style type=\"text\/css\" data-created_by=\"avia_inline_auto\" id=\"style-css-av-3hkzhd-c7926e0a44da516ff9559fe773efb70f\">\n.flex_column.av-3hkzhd-c7926e0a44da516ff9559fe773efb70f{\nborder-radius:0px 0px 0px 0px;\npadding:0px 0px 0px 0px;\n}\n<\/style>\n<div  class='flex_column av-3hkzhd-c7926e0a44da516ff9559fe773efb70f av_three_fifth  avia-builder-el-2  el_after_av_one_fifth  el_before_av_one_fifth  flex_column_div av-zero-column-padding  '     ><p>\n<style type=\"text\/css\" data-created_by=\"avia_inline_auto\" id=\"style-css-av-av_heading-585c27a575a220b6592492a8bc1e0deb\">\n#top .av-special-heading.av-av_heading-585c27a575a220b6592492a8bc1e0deb{\npadding-bottom:10px;\n}\nbody .av-special-heading.av-av_heading-585c27a575a220b6592492a8bc1e0deb .av-special-heading-tag .heading-char{\nfont-size:25px;\n}\n.av-special-heading.av-av_heading-585c27a575a220b6592492a8bc1e0deb .av-subheading{\nfont-size:15px;\n}\n<\/style>\n<div  class='av-special-heading av-av_heading-585c27a575a220b6592492a8bc1e0deb av-special-heading-h3  avia-builder-el-3  el_before_av_textblock  avia-builder-el-first '><h3 class='av-special-heading-tag '  itemprop=\"headline\"  >Na\u0161e \u010dinnost v roce 2016<\/h3><div class=\"special-heading-border\"><div class=\"special-heading-inner-border\"><\/div><\/div><\/div><br \/>\n<section  class='av_textblock_section av-kfyd2892-4f6b4f5e4f03198180c3209e071248eb '   itemscope=\"itemscope\" itemtype=\"https:\/\/schema.org\/BlogPosting\" itemprop=\"blogPost\" ><div class='avia_textblock'  itemprop=\"text\" ><ul>\n<li>Z\u0160 Proskovice, \u017e\u00e1ci 4. t\u0159\u00eddy pan\u00ed u\u010ditelky Kate\u0159iny Hola\u0148ov\u00e9 z\u00edskali titul Laure\u00e1ta MFF Str\u00e1\u017enice 2016 za napln\u011bn\u00ed my\u0161lenky projektu Region\u00e1ln\u00ed folklor do \u0161kol v\u00a0po\u0159adu Tady jsme doma.<br \/>\n<a href=\"https:\/\/www.nulk.cz\/tadyjsmedoma\/wp-content\/uploads\/2016\/09\/diplom2016-2-scaled.jpg\"><img decoding=\"async\" class=\"aligncenter size-medium wp-image-2104\" src=\"https:\/\/www.nulk.cz\/tadyjsmedoma\/wp-content\/uploads\/2016\/09\/diplom2016-2-218x300.jpg\" alt=\"\" width=\"218\" height=\"300\" srcset=\"https:\/\/www.nulk.cz\/tadyjsmedoma\/wp-content\/uploads\/2016\/09\/diplom2016-2-218x300.jpg 218w, https:\/\/www.nulk.cz\/tadyjsmedoma\/wp-content\/uploads\/2016\/09\/diplom2016-2-750x1030.jpg 750w, https:\/\/www.nulk.cz\/tadyjsmedoma\/wp-content\/uploads\/2016\/09\/diplom2016-2-768x1055.jpg 768w, https:\/\/www.nulk.cz\/tadyjsmedoma\/wp-content\/uploads\/2016\/09\/diplom2016-2-1118x1536.jpg 1118w, https:\/\/www.nulk.cz\/tadyjsmedoma\/wp-content\/uploads\/2016\/09\/diplom2016-2-1490x2048.jpg 1490w, https:\/\/www.nulk.cz\/tadyjsmedoma\/wp-content\/uploads\/2016\/09\/diplom2016-2-1092x1500.jpg 1092w, https:\/\/www.nulk.cz\/tadyjsmedoma\/wp-content\/uploads\/2016\/09\/diplom2016-2-513x705.jpg 513w, https:\/\/www.nulk.cz\/tadyjsmedoma\/wp-content\/uploads\/2016\/09\/diplom2016-2-scaled.jpg 1863w\" sizes=\"(max-width: 218px) 100vw, 218px\" \/><\/a><\/li>\n<li><strong>Pracovn\u00ed semin\u00e1\u0159 TJD 23. \u2013 25. 9. 2016<\/strong><br \/>\nSemin\u00e1\u0159, kter\u00fd byl prvn\u00edm pracovn\u00edm setk\u00e1n\u00edm v\u0161ech \u00fa\u010dastn\u00edk\u016f projektu, si vytkl za c\u00edl:<br \/>\n\u2022 P\u0159ibl\u00ed\u017eit v\u0161em z\u00fa\u010dastn\u011bn\u00fdm r\u016fzn\u00e9 typy realizace v projektu, tj. uk\u00e1zat r\u016fzn\u00e9 formy organizace projektu v jednotliv\u00fdch \u0161kol\u00e1ch.<br \/>\n\u2022 P\u0159ibl\u00ed\u017eit n\u011bkter\u00e9 zaj\u00edmav\u00e9 projekty.<br \/>\n\u2022 D\u00e1t motiv a inspiraci ostatn\u00edm.<br \/>\n\u2022 Uk\u00e1zat, jak projekt \u017eije ve \u0161kole i v obci.<br \/>\n\u2022 Umo\u017enit u\u010ditel\u016fm &#8211; \u00fa\u010dastn\u00edk\u016fm projektu vz\u00e1jemn\u011b se poznat.<br \/>\n\u2022 Uk\u00e1zat v\u00fdhledy projektu do budoucna.<\/p>\n<ul>\n<li>\u25ba <a href=\"https:\/\/www.nulk.cz\/tadyjsmedoma\/wp-content\/uploads\/2020\/10\/programSeminare.pdf\" target=\"_blank\" rel=\"noreferrer noopener\">Program semin\u00e1\u0159e<\/a><\/li>\n<li>\u25ba <a href=\"https:\/\/www.nulk.cz\/tadyjsmedoma\/wp-content\/uploads\/2020\/10\/ucastniciSeminare.pdf\" target=\"_blank\" rel=\"noreferrer noopener\">\u00da\u010dastn\u00edci semin\u00e1\u0159e<\/a><\/li>\n<li>\u25ba Konferen\u010dn\u00ed p\u0159\u00edsp\u011bvky:<br \/>\n\u00bb <a href=\"https:\/\/www.nulk.cz\/tadyjsmedoma\/wp-content\/uploads\/2020\/10\/Hosta_vitame_chlebem.pdf\" target=\"_blank\" rel=\"noreferrer noopener\">Hosta v\u00edt\u00e1me chlebem (S. \u0160pa\u010dkov\u00e1)<\/a> + <a href=\"https:\/\/www.nulk.cz\/tadyjsmedoma\/wp-content\/uploads\/2020\/10\/PL-chleba.pdf\" target=\"_blank\" rel=\"noreferrer noopener\">pracovn\u00ed se\u0161it<\/a><br \/>\n\u00bb <a href=\"https:\/\/www.nulk.cz\/tadyjsmedoma\/wp-content\/uploads\/2020\/10\/Pribylova.pdf\" target=\"_blank\" rel=\"noreferrer noopener\">Hudebn\u00ed t\u0159\u00edda 4.C (Mgr. Marcela P\u0159ibylov\u00e1)<\/a><br \/>\n\u00bb <a href=\"https:\/\/www.nulk.cz\/tadyjsmedoma\/wp-content\/uploads\/2020\/10\/knizka_o_mne.pdf\" target=\"_blank\" rel=\"noreferrer noopener\">Kn\u00ed\u017eka o mn\u011b (J. Panglov\u00e1)<\/a><br \/>\n\u00bb <a href=\"https:\/\/www.nulk.cz\/tadyjsmedoma\/wp-content\/uploads\/2020\/10\/spackova_janousova.pdf\" target=\"_blank\" rel=\"noreferrer noopener\">Lidov\u00fd rok a projekt Tady jsme doma (Ivana Janou\u0161ov\u00e1 a Simona \u0160pa\u010dkov\u00e1)<\/a><br \/>\n\u00bb <a href=\"https:\/\/www.nulk.cz\/tadyjsmedoma\/wp-content\/uploads\/2020\/10\/Masopust_v_Lazankach.pdf\" target=\"_blank\" rel=\"noreferrer noopener\">Masopust v La\u017e\u00e1nk\u00e1ch (J. \u0160ev\u010d\u00edk)<\/a><br \/>\n\u00bb <a href=\"https:\/\/www.nulk.cz\/tadyjsmedoma\/wp-content\/uploads\/2020\/10\/Misto_lidove_pisne.pdf\" target=\"_blank\" rel=\"noreferrer noopener\">M\u00edsto lidov\u00e9 p\u00edsn\u011b (I. Janou\u0161ov\u00e1)<\/a><br \/>\n\u00bb <a href=\"https:\/\/www.nulk.cz\/tadyjsmedoma\/wp-content\/uploads\/2020\/10\/Projekt_a_festival.pdf\" target=\"_blank\" rel=\"noreferrer noopener\">Projekt a festival (Y. Vor\u00e1\u010dov\u00e1)<\/a> + <a href=\"https:\/\/www.nulk.cz\/tadyjsmedoma\/wp-content\/uploads\/2020\/10\/odev_a_obuv-PL.pdf\" target=\"_blank\" rel=\"noreferrer noopener\">pracovn\u00ed se\u0161it<\/a><br \/>\n\u00bb <a href=\"https:\/\/www.nulk.cz\/tadyjsmedoma\/wp-content\/uploads\/2020\/10\/S_trad_lid_kul_ke_korenum_domova.pdf\" target=\"_blank\" rel=\"noreferrer noopener\">S tradi\u010dn\u00ed lidovou kulturou ke ko\u0159en\u016fm domova (A. Schauerov\u00e1)<\/a><\/li>\n<li>\u25ba Pracovn\u00ed d\u00edlna \u2013 staro\u010desk\u00e9 m\u011bt\u00fdnky (<a href=\"https:\/\/www.nulk.cz\/tadyjsmedoma\/wp-content\/uploads\/2020\/10\/Recept_metynka.pdf\">recept<\/a>)<\/li>\n<li>\u25ba <a href=\"https:\/\/www.nulk.cz\/tadyjsmedoma\/2016\/08\/pracovni-dilna-staroceske-metynky\/\">Fotogalerie<\/a><\/li>\n<\/ul>\n<\/li>\n<\/ul>\n<\/div><\/section><\/p><\/div>\n<style type=\"text\/css\" data-created_by=\"avia_inline_auto\" id=\"style-css-av-7q0kh-6fe83961f4a4854270312ebceb26790d\">\n.flex_column.av-7q0kh-6fe83961f4a4854270312ebceb26790d{\nborder-radius:0px 0px 0px 0px;\npadding:0px 0px 0px 0px;\n}\n<\/style>\n<div  class='flex_column av-7q0kh-6fe83961f4a4854270312ebceb26790d av_one_fifth  avia-builder-el-5  el_after_av_three_fifth  avia-builder-el-last  flex_column_div av-zero-column-padding  '     ><\/div>\n","protected":false},"excerpt":{"rendered":"<p>Semin\u00e1\u0159, kter\u00fd byl prvn\u00edm pracovn\u00edm setk\u00e1n\u00edm v\u0161ech \u00fa\u010dastn\u00edk\u016f projektu.<\/p>\n","protected":false},"author":3,"featured_media":1106,"comment_status":"closed","ping_status":"closed","sticky":false,"template":"","format":"standard","meta":{"footnotes":""},"categories":[19],"tags":[],"class_list":["post-1105","post","type-post","status-publish","format-standard","has-post-thumbnail","hentry","category-nase-cinnost"],"_links":{"self":[{"href":"https:\/\/www.nulk.cz\/tadyjsmedoma\/wp-json\/wp\/v2\/posts\/1105","targetHints":{"allow":["GET"]}}],"collection":[{"href":"https:\/\/www.nulk.cz\/tadyjsmedoma\/wp-json\/wp\/v2\/posts"}],"about":[{"href":"https:\/\/www.nulk.cz\/tadyjsmedoma\/wp-json\/wp\/v2\/types\/post"}],"author":[{"embeddable":true,"href":"https:\/\/www.nulk.cz\/tadyjsmedoma\/wp-json\/wp\/v2\/users\/3"}],"replies":[{"embeddable":true,"href":"https:\/\/www.nulk.cz\/tadyjsmedoma\/wp-json\/wp\/v2\/comments?post=1105"}],"version-history":[{"count":6,"href":"https:\/\/www.nulk.cz\/tadyjsmedoma\/wp-json\/wp\/v2\/posts\/1105\/revisions"}],"predecessor-version":[{"id":2110,"href":"https:\/\/www.nulk.cz\/tadyjsmedoma\/wp-json\/wp\/v2\/posts\/1105\/revisions\/2110"}],"wp:featuredmedia":[{"embeddable":true,"href":"https:\/\/www.nulk.cz\/tadyjsmedoma\/wp-json\/wp\/v2\/media\/1106"}],"wp:attachment":[{"href":"https:\/\/www.nulk.cz\/tadyjsmedoma\/wp-json\/wp\/v2\/media?parent=1105"}],"wp:term":[{"taxonomy":"category","embeddable":true,"href":"https:\/\/www.nulk.cz\/tadyjsmedoma\/wp-json\/wp\/v2\/categories?post=1105"},{"taxonomy":"post_tag","embeddable":true,"href":"https:\/\/www.nulk.cz\/tadyjsmedoma\/wp-json\/wp\/v2\/tags?post=1105"}],"curies":[{"name":"wp","href":"https:\/\/api.w.org\/{rel}","templated":true}]}}